{"id":1451,"date":"2018-06-12T19:04:32","date_gmt":"2018-06-12T19:04:32","guid":{"rendered":"http:\/\/viajerosdelcamino.com\/?p=1451"},"modified":"2018-06-14T15:41:09","modified_gmt":"2018-06-14T15:41:09","slug":"de-madrid-a-moscu","status":"publish","type":"post","link":"https:\/\/viajerosdelcamino.com\/en\/de-madrid-a-moscu\/","title":{"rendered":"De Madrid a Mosc\u00fa"},"content":{"rendered":"<p><a href=\"http:\/\/viajerosdelcamino.com\/wp-content\/uploads\/2018\/06\/image1.jpg\"><img loading=\"lazy\" class=\"aligncenter size-medium wp-image-1349\" src=\"http:\/\/viajerosdelcamino.com\/wp-content\/uploads\/2018\/06\/image1-500x702.jpg\" alt=\"\" width=\"500\" height=\"702\" srcset=\"https:\/\/viajerosdelcamino.com\/wp-content\/uploads\/2018\/06\/image1-500x702.jpg 500w, https:\/\/viajerosdelcamino.com\/wp-content\/uploads\/2018\/06\/image1-768x1078.jpg 768w, https:\/\/viajerosdelcamino.com\/wp-content\/uploads\/2018\/06\/image1-729x1024.jpg 729w, https:\/\/viajerosdelcamino.com\/wp-content\/uploads\/2018\/06\/image1-107x150.jpg 107w, https:\/\/viajerosdelcamino.com\/wp-content\/uploads\/2018\/06\/image1.jpg 1000w\" sizes=\"(max-width: 500px) 100vw, 500px\" \/><\/a><\/p>\n<p><a href=\"http:\/\/viajerosdelcamino.com\/wp-content\/uploads\/2018\/06\/image1-1.jpg\"><img loading=\"lazy\" class=\"aligncenter size-medium wp-image-1357\" src=\"http:\/\/viajerosdelcamino.com\/wp-content\/uploads\/2018\/06\/image1-1-500x375.jpg\" alt=\"\" width=\"500\" height=\"375\" srcset=\"https:\/\/viajerosdelcamino.com\/wp-content\/uploads\/2018\/06\/image1-1-500x375.jpg 500w, https:\/\/viajerosdelcamino.com\/wp-content\/uploads\/2018\/06\/image1-1-768x576.jpg 768w, https:\/\/viajerosdelcamino.com\/wp-content\/uploads\/2018\/06\/image1-1-150x113.jpg 150w, https:\/\/viajerosdelcamino.com\/wp-content\/uploads\/2018\/06\/image1-1.jpg 1000w\" sizes=\"(max-width: 500px) 100vw, 500px\" \/><\/a><\/p>\n<p>Hace rato que no sal\u00edamos con Petra (nuestra auto caravana) as\u00ed que decidimos coger carretera nuevamente y llegar hasta Mosc\u00fa saliendo de Madrid para compartir el acontecimiento m\u00e1s grande del f\u00fatbol : el mundial.<\/p>\n<p><a href=\"http:\/\/viajerosdelcamino.com\/wp-content\/uploads\/2018\/06\/image2.jpg\"><img loading=\"lazy\" class=\"aligncenter size-medium wp-image-1350\" src=\"http:\/\/viajerosdelcamino.com\/wp-content\/uploads\/2018\/06\/image2-500x437.jpg\" alt=\"\" width=\"500\" height=\"437\" srcset=\"https:\/\/viajerosdelcamino.com\/wp-content\/uploads\/2018\/06\/image2-500x437.jpg 500w, https:\/\/viajerosdelcamino.com\/wp-content\/uploads\/2018\/06\/image2-768x670.jpg 768w, https:\/\/viajerosdelcamino.com\/wp-content\/uploads\/2018\/06\/image2-150x131.jpg 150w, https:\/\/viajerosdelcamino.com\/wp-content\/uploads\/2018\/06\/image2.jpg 1000w\" sizes=\"(max-width: 500px) 100vw, 500px\" \/><\/a><\/p>\n<p>Vamos muy bien preparados para hacerle barra a Colombia. Recibimos regalos maravillosos que apreciamos m\u00e1s que si los hubi\u00e9ramos comprado, porque as\u00ed llevamos un pedacito de los seguidores: gracias Mau por la bandera, en la cual esperamos envolvernos llenos de orgullo y no doblarla para guardarla, gracias Felipe por las camisetas y las gorras que nos identificar\u00e1n ante el mundo entero. De todas maneras tenemos varios equipos a los que igual seguiremos con todo el cari\u00f1o: Brasil, Argentina y Espa\u00f1a a los que nos unen lazos de afecto muy fuertes de familia y amigos.<img loading=\"lazy\" class=\"wp-image-1415 alignnone\" src=\"http:\/\/viajerosdelcamino.com\/wp-content\/uploads\/2018\/06\/paises.jpg\" alt=\"\" width=\"148\" height=\"37\" \/><\/p>\n<p>No se preocupen los no seguidores del f\u00fatbol, no les vamos a retransmitir los partidos, ni a convertirnos en periodistas deportivos solo como siempre les contaremos nuestras experiencias y vivencias.<\/p>\n<p>Nos iremos despacio y por entre las tiendas, reviendo algunos lugares y descubriendo otros.<\/p>\n<p>Obligado la parada en San Sebasti\u00e1n en Casa Bartolo a comer tapas, en alg\u00fan delicatessen en Francia a comprar la provisi\u00f3n de foie gras para el camino con la \u201cconfiture de fruits rouges\u201d, a comer en cualquier pueblito de B\u00e9lgica los moules sus famosos mejillones, en un s\u00faper de Alemania a conseguir unas botellitas de Pinot Gris de Alsacia y comer salchicha en los carritos de la calle, en Polonia a saborear el salami o salchich\u00f3n que dice Carlos que es mejor que el de Induveca ( atenci\u00f3n dominicanos ! ) en Letonia y Lituania ni idea, y finalmente que Mosc\u00fa nos reciba con su sopa de remolacha, su postre y por supuesto su exquisita ensalada rusa!<\/p>\n<p>En nuestro andar la variedad siempre nos acompa\u00f1a, hoy desayunamos croissant en Francia, almorzamos moules en B\u00e9lgica, tomamos caf\u00e9 en Holanda y cenamos salchichas en Alemania.<\/p>\n<p>Buen camino!<\/p>\n<div data-carousel-extra='{\"blog_id\":1,\"permalink\":\"https:\\\/\\\/viajerosdelcamino.com\\\/en\\\/de-madrid-a-moscu\\\/\"}' class=\"tiled-gallery type-square\" data-original-width=\"900\"><div class=\"tiled-gallery-item\"><a border=\"0\" href=\"https:\/\/viajerosdelcamino.com\/wp-content\/uploads\/2018\/06\/image3.jpg\"><img data-attachment-id=\"1351\" data-orig-file=\"https:\/\/viajerosdelcamino.com\/wp-content\/uploads\/2018\/06\/image3.jpg\" data-orig-size=\"1000,750\" data-comments-opened=\"1\" data-image-meta=\"{&quot;aperture&quot;:&quot;2.2&quot;,&quot;credit&quot;:&quot;&quot;,&quot;camera&quot;:&quot;iPhone 6&quot;,&quot;caption&quot;:&quot;&quot;,&quot;created_timestamp&quot;:&quot;1471105203&quot;,&quot;copyright&quot;:&quot;&quot;,&quot;focal_length&quot;:&quot;4.15&quot;,&quot;iso&quot;:&quot;40&quot;,&quot;shutter_speed&quot;:&quot;0.03030303030303&quot;,&quot;title&quot;:&quot;&quot;,&quot;orientation&quot;:&quot;1&quot;}\" data-image-title=\"image3\" data-image-description=\"\" data-medium-file=\"https:\/\/viajerosdelcamino.com\/wp-content\/uploads\/2018\/06\/image3-500x375.jpg\" data-large-file=\"https:\/\/viajerosdelcamino.com\/wp-content\/uploads\/2018\/06\/image3.jpg\" style=\"margin: 2px\" src=\"https:\/\/viajerosdelcamino.com\/wp-content\/uploads\/2018\/06\/image3-296x296.jpg\" width=296 height=296 title=\"image3\" \/><\/a><\/div><div class=\"tiled-gallery-item\"><a border=\"0\" href=\"https:\/\/viajerosdelcamino.com\/wp-content\/uploads\/2018\/06\/image5.jpg\"><img data-attachment-id=\"1352\" data-orig-file=\"https:\/\/viajerosdelcamino.com\/wp-content\/uploads\/2018\/06\/image5.jpg\" data-orig-size=\"1000,750\" data-comments-opened=\"1\" data-image-meta=\"{&quot;aperture&quot;:&quot;0&quot;,&quot;credit&quot;:&quot;&quot;,&quot;camera&quot;:&quot;&quot;,&quot;caption&quot;:&quot;&quot;,&quot;created_timestamp&quot;:&quot;0&quot;,&quot;copyright&quot;:&quot;&quot;,&quot;focal_length&quot;:&quot;0&quot;,&quot;iso&quot;:&quot;0&quot;,&quot;shutter_speed&quot;:&quot;0&quot;,&quot;title&quot;:&quot;&quot;,&quot;orientation&quot;:&quot;1&quot;}\" data-image-title=\"image5\" data-image-description=\"\" data-medium-file=\"https:\/\/viajerosdelcamino.com\/wp-content\/uploads\/2018\/06\/image5-500x375.jpg\" data-large-file=\"https:\/\/viajerosdelcamino.com\/wp-content\/uploads\/2018\/06\/image5.jpg\" style=\"margin: 2px\" src=\"https:\/\/viajerosdelcamino.com\/wp-content\/uploads\/2018\/06\/image5-296x296.jpg\" width=296 height=296 title=\"image5\" \/><\/a><\/div><div class=\"tiled-gallery-item\"><a border=\"0\" href=\"https:\/\/viajerosdelcamino.com\/wp-content\/uploads\/2018\/06\/image4.jpg\"><img data-attachment-id=\"1353\" data-orig-file=\"https:\/\/viajerosdelcamino.com\/wp-content\/uploads\/2018\/06\/image4.jpg\" data-orig-size=\"1000,1333\" data-comments-opened=\"1\" data-image-meta=\"{&quot;aperture&quot;:&quot;0&quot;,&quot;credit&quot;:&quot;&quot;,&quot;camera&quot;:&quot;&quot;,&quot;caption&quot;:&quot;&quot;,&quot;created_timestamp&quot;:&quot;0&quot;,&quot;copyright&quot;:&quot;&quot;,&quot;focal_length&quot;:&quot;0&quot;,&quot;iso&quot;:&quot;0&quot;,&quot;shutter_speed&quot;:&quot;0&quot;,&quot;title&quot;:&quot;&quot;,&quot;orientation&quot;:&quot;1&quot;}\" data-image-title=\"image4\" data-image-description=\"\" data-medium-file=\"https:\/\/viajerosdelcamino.com\/wp-content\/uploads\/2018\/06\/image4-500x667.jpg\" data-large-file=\"https:\/\/viajerosdelcamino.com\/wp-content\/uploads\/2018\/06\/image4-768x1024.jpg\" style=\"margin: 2px\" src=\"https:\/\/viajerosdelcamino.com\/wp-content\/uploads\/2018\/06\/image4-296x296.jpg\" width=296 height=296 title=\"image4\" \/><\/a><\/div><div class=\"tiled-gallery-item\"><a border=\"0\" href=\"https:\/\/viajerosdelcamino.com\/wp-content\/uploads\/2018\/06\/image1-2.jpg\"><img data-attachment-id=\"1354\" data-orig-file=\"https:\/\/viajerosdelcamino.com\/wp-content\/uploads\/2018\/06\/image1-2.jpg\" data-orig-size=\"1000,696\" data-comments-opened=\"1\" data-image-meta=\"{&quot;aperture&quot;:&quot;1.8&quot;,&quot;credit&quot;:&quot;&quot;,&quot;camera&quot;:&quot;iPhone X&quot;,&quot;caption&quot;:&quot;&quot;,&quot;created_timestamp&quot;:&quot;1528377733&quot;,&quot;copyright&quot;:&quot;&quot;,&quot;focal_length&quot;:&quot;4&quot;,&quot;iso&quot;:&quot;40&quot;,&quot;shutter_speed&quot;:&quot;0.05&quot;,&quot;title&quot;:&quot;&quot;,&quot;orientation&quot;:&quot;1&quot;}\" data-image-title=\"image1 (2)\" data-image-description=\"\" data-medium-file=\"https:\/\/viajerosdelcamino.com\/wp-content\/uploads\/2018\/06\/image1-2-500x348.jpg\" data-large-file=\"https:\/\/viajerosdelcamino.com\/wp-content\/uploads\/2018\/06\/image1-2.jpg\" style=\"margin: 2px\" src=\"https:\/\/viajerosdelcamino.com\/wp-content\/uploads\/2018\/06\/image1-2-296x296.jpg\" width=296 height=296 title=\"image1 (2)\" \/><\/a><\/div><div class=\"tiled-gallery-item\"><a border=\"0\" href=\"https:\/\/viajerosdelcamino.com\/wp-content\/uploads\/2018\/06\/image2-1.jpg\"><img data-attachment-id=\"1355\" data-orig-file=\"https:\/\/viajerosdelcamino.com\/wp-content\/uploads\/2018\/06\/image2-1.jpg\" data-orig-size=\"1000,750\" data-comments-opened=\"1\" data-image-meta=\"{&quot;aperture&quot;:&quot;2.2&quot;,&quot;credit&quot;:&quot;&quot;,&quot;camera&quot;:&quot;iPhone 6&quot;,&quot;caption&quot;:&quot;&quot;,&quot;created_timestamp&quot;:&quot;1471622205&quot;,&quot;copyright&quot;:&quot;&quot;,&quot;focal_length&quot;:&quot;4.15&quot;,&quot;iso&quot;:&quot;250&quot;,&quot;shutter_speed&quot;:&quot;0.04&quot;,&quot;title&quot;:&quot;&quot;,&quot;orientation&quot;:&quot;1&quot;}\" data-image-title=\"image2 (1)\" data-image-description=\"\" data-medium-file=\"https:\/\/viajerosdelcamino.com\/wp-content\/uploads\/2018\/06\/image2-1-500x375.jpg\" data-large-file=\"https:\/\/viajerosdelcamino.com\/wp-content\/uploads\/2018\/06\/image2-1.jpg\" style=\"margin: 2px\" src=\"https:\/\/viajerosdelcamino.com\/wp-content\/uploads\/2018\/06\/image2-1-296x296.jpg\" width=296 height=296 title=\"image2 (1)\" \/><\/a><\/div><div class=\"tiled-gallery-item\"><a border=\"0\" href=\"https:\/\/viajerosdelcamino.com\/wp-content\/uploads\/2018\/06\/image6.jpg\"><img data-attachment-id=\"1356\" data-orig-file=\"https:\/\/viajerosdelcamino.com\/wp-content\/uploads\/2018\/06\/image6.jpg\" data-orig-size=\"1000,1333\" data-comments-opened=\"1\" data-image-meta=\"{&quot;aperture&quot;:&quot;0&quot;,&quot;credit&quot;:&quot;&quot;,&quot;camera&quot;:&quot;&quot;,&quot;caption&quot;:&quot;&quot;,&quot;created_timestamp&quot;:&quot;0&quot;,&quot;copyright&quot;:&quot;&quot;,&quot;focal_length&quot;:&quot;0&quot;,&quot;iso&quot;:&quot;0&quot;,&quot;shutter_speed&quot;:&quot;0&quot;,&quot;title&quot;:&quot;&quot;,&quot;orientation&quot;:&quot;1&quot;}\" data-image-title=\"image6\" data-image-description=\"\" data-medium-file=\"https:\/\/viajerosdelcamino.com\/wp-content\/uploads\/2018\/06\/image6-500x667.jpg\" data-large-file=\"https:\/\/viajerosdelcamino.com\/wp-content\/uploads\/2018\/06\/image6-768x1024.jpg\" style=\"margin: 2px\" src=\"https:\/\/viajerosdelcamino.com\/wp-content\/uploads\/2018\/06\/image6-296x296.jpg\" width=296 height=296 title=\"image6\" \/><\/a><\/div><\/div>\n","protected":false},"excerpt":{"rendered":"<p class=\"continue-reading-button\"> <a class=\"continue-reading-link\" href=\"https:\/\/viajerosdelcamino.com\/en\/de-madrid-a-moscu\/\"><i class=\"crycon-right-dir\"><\/i><\/a><\/p>\n","protected":false},"author":2,"featured_media":1457,"comment_status":"open","ping_status":"open","sticky":false,"template":"","format":"standard","meta":[],"categories":[164],"tags":[166,165,167],"translation":{"provider":"WPGlobus","version":"2.8.8","language":"en","enabled_languages":["es","en"],"languages":{"es":{"title":true,"content":true,"excerpt":false},"en":{"title":false,"content":false,"excerpt":false}}},"_links":{"self":[{"href":"https:\/\/viajerosdelcamino.com\/en\/wp-json\/wp\/v2\/posts\/1451"}],"collection":[{"href":"https:\/\/viajerosdelcamino.com\/en\/wp-json\/wp\/v2\/posts"}],"about":[{"href":"https:\/\/viajerosdelcamino.com\/en\/wp-json\/wp\/v2\/types\/post"}],"author":[{"embeddable":true,"href":"https:\/\/viajerosdelcamino.com\/en\/wp-json\/wp\/v2\/users\/2"}],"replies":[{"embeddable":true,"href":"https:\/\/viajerosdelcamino.com\/en\/wp-json\/wp\/v2\/comments?post=1451"}],"version-history":[{"count":3,"href":"https:\/\/viajerosdelcamino.com\/en\/wp-json\/wp\/v2\/posts\/1451\/revisions"}],"predecessor-version":[{"id":1454,"href":"https:\/\/viajerosdelcamino.com\/en\/wp-json\/wp\/v2\/posts\/1451\/revisions\/1454"}],"wp:featuredmedia":[{"embeddable":true,"href":"https:\/\/viajerosdelcamino.com\/en\/wp-json\/wp\/v2\/media\/1457"}],"wp:attachment":[{"href":"https:\/\/viajerosdelcamino.com\/en\/wp-json\/wp\/v2\/media?parent=1451"}],"wp:term":[{"taxonomy":"category","embeddable":true,"href":"https:\/\/viajerosdelcamino.com\/en\/wp-json\/wp\/v2\/categories?post=1451"},{"taxonomy":"post_tag","embeddable":true,"href":"https:\/\/viajerosdelcamino.com\/en\/wp-json\/wp\/v2\/tags?post=1451"}],"curies":[{"name":"wp","href":"https:\/\/api.w.org\/{rel}","templated":true}]}}